{"id":455462,"date":"2026-04-08T10:28:18","date_gmt":"2026-04-08T10:28:18","guid":{"rendered":"https:\/\/masdedos.org\/vesprada-pascuera-de-cine-en-familia\/"},"modified":"2026-04-08T10:28:18","modified_gmt":"2026-04-08T10:28:18","slug":"vesprada-pascuera-de-cine-en-familia","status":"publish","type":"post","link":"https:\/\/masdedos.org\/val\/vesprada-pascuera-de-cine-en-familia\/","title":{"rendered":"Vesprada pascuera de cine en fam\u00edlia"},"content":{"rendered":"<p>Ahir, 7 d&#8217;abril MES DE DOS Fam\u00edlies Numeroses de Val\u00e9ncia celebre una vesprada de cine pascuera en fam\u00edlia.<\/p>\n<p>Va ser tot un \u00e8xit! M\u00e9s de 250 socis gojant en el cine.<\/p>\n<p>Molt\u00edssimes gr\u00e0cies a tots els que vos v\u00e0reu animar a vindre al cine ahir.<\/p>\n<p><img fetchpriority=\"high\" decoding=\"async\" class=\"wp-image-455276 size-large\" src=\"https:\/\/masdedos.org\/wp-content\/uploads\/2026\/04\/Diseno-sin-titulo-9-768x1024.png\" alt=\"\" width=\"768\" height=\"1024\" srcset=\"https:\/\/masdedos.org\/wp-content\/uploads\/2026\/04\/Diseno-sin-titulo-9-768x1024.png 768w, https:\/\/masdedos.org\/wp-content\/uploads\/2026\/04\/Diseno-sin-titulo-9-225x300.png 225w, https:\/\/masdedos.org\/wp-content\/uploads\/2026\/04\/Diseno-sin-titulo-9-1152x1536.png 1152w, https:\/\/masdedos.org\/wp-content\/uploads\/2026\/04\/Diseno-sin-titulo-9-600x800.png 600w, https:\/\/masdedos.org\/wp-content\/uploads\/2026\/04\/Diseno-sin-titulo-9-700x933.png 700w, https:\/\/masdedos.org\/wp-content\/uploads\/2026\/04\/Diseno-sin-titulo-9.png 1200w\" sizes=\"(max-width: 768px) 100vw, 768px\" \/><\/p>\n<p><img decoding=\"async\" class=\"aligncenter wp-image-455278 size-large\" src=\"https:\/\/masdedos.org\/wp-content\/uploads\/2026\/04\/Diseno-sin-titulo-10-768x1024.png\" alt=\"\" width=\"768\" height=\"1024\" srcset=\"https:\/\/masdedos.org\/wp-content\/uploads\/2026\/04\/Diseno-sin-titulo-10-768x1024.png 768w, https:\/\/masdedos.org\/wp-content\/uploads\/2026\/04\/Diseno-sin-titulo-10-225x300.png 225w, https:\/\/masdedos.org\/wp-content\/uploads\/2026\/04\/Diseno-sin-titulo-10-1152x1536.png 1152w, https:\/\/masdedos.org\/wp-content\/uploads\/2026\/04\/Diseno-sin-titulo-10-600x800.png 600w, https:\/\/masdedos.org\/wp-content\/uploads\/2026\/04\/Diseno-sin-titulo-10-700x933.png 700w, https:\/\/masdedos.org\/wp-content\/uploads\/2026\/04\/Diseno-sin-titulo-10.png 1200w\" sizes=\"(max-width: 768px) 100vw, 768px\" \/><\/p>\n<p><img decoding=\"async\" class=\"aligncenter wp-image-455280 size-large\" src=\"https:\/\/masdedos.org\/wp-content\/uploads\/2026\/04\/WhatsApp-Image-2026-04-07-at-23.58.23-1024x768.jpeg\" alt=\"\" width=\"1024\" height=\"768\" srcset=\"https:\/\/masdedos.org\/wp-content\/uploads\/2026\/04\/WhatsApp-Image-2026-04-07-at-23.58.23-1024x768.jpeg 1024w, https:\/\/masdedos.org\/wp-content\/uploads\/2026\/04\/WhatsApp-Image-2026-04-07-at-23.58.23-300x225.jpeg 300w, https:\/\/masdedos.org\/wp-content\/uploads\/2026\/04\/WhatsApp-Image-2026-04-07-at-23.58.23-768x576.jpeg 768w, https:\/\/masdedos.org\/wp-content\/uploads\/2026\/04\/WhatsApp-Image-2026-04-07-at-23.58.23-1536x1152.jpeg 1536w, https:\/\/masdedos.org\/wp-content\/uploads\/2026\/04\/WhatsApp-Image-2026-04-07-at-23.58.23-800x600.jpeg 800w, https:\/\/masdedos.org\/wp-content\/uploads\/2026\/04\/WhatsApp-Image-2026-04-07-at-23.58.23-700x525.jpeg 700w, https:\/\/masdedos.org\/wp-content\/uploads\/2026\/04\/WhatsApp-Image-2026-04-07-at-23.58.23.jpeg 1600w\" sizes=\"(max-width: 1024px) 100vw, 1024px\" \/><\/p>\n<p>Per a m\u00e9s informaci\u00f3 sobre Fam\u00edlies Numeroses de Val\u00e9ncia i MES DE DOS subscriu-te a nostra\u00a0 newsletter fent <a href=\"https:\/\/masdedos.org\/val\/newsletter\/\">clic en este enlla\u00e7<\/a>.<\/p>\n","protected":false},"excerpt":{"rendered":"<p>Ahir, 7 d&#8217;abril MES DE DOS Fam\u00edlies Numeroses de Val\u00e9ncia celebre una vesprada de cine pascuera en fam\u00edlia. Va ser tot un \u00e8xit! M\u00e9s de 250 socis gojant en el cine. Molt\u00edssimes gr\u00e0cies a tots els que vos v\u00e0reu animar a vindre al cine ahir&#8230;.<\/p>\n","protected":false},"author":4,"featured_media":455281,"comment_status":"closed","ping_status":"open","sticky":false,"template":"","format":"standard","meta":{"content-type":"","footnotes":""},"categories":[27],"tags":[],"yoast_head":"<!-- This site is optimized with the Yoast SEO plugin v23.4 - https:\/\/yoast.com\/wordpress\/plugins\/seo\/ -->\n<title>Vesprada pascuera de cine en fam\u00edlia - M\u00c1S DE DOS<\/title>\n<meta name=\"robots\" content=\"index, follow, max-snippet:-1, max-image-preview:large, max-video-preview:-1\" \/>\n<link rel=\"canonical\" href=\"https:\/\/masdedos.org\/val\/vesprada-pascuera-de-cine-en-familia\/\" \/>\n<meta property=\"og:locale\" content=\"en_US\" \/>\n<meta property=\"og:type\" content=\"article\" \/>\n<meta property=\"og:title\" content=\"Vesprada pascuera de cine en fam\u00edlia - M\u00c1S DE DOS\" \/>\n<meta property=\"og:description\" content=\"Ahir, 7 d&#8217;abril MES DE DOS Fam\u00edlies Numeroses de Val\u00e9ncia celebre una vesprada de cine pascuera en fam\u00edlia. Va ser tot un \u00e8xit! M\u00e9s de 250 socis gojant en el cine. Molt\u00edssimes gr\u00e0cies a tots els que vos v\u00e0reu animar a vindre al cine ahir....\" \/>\n<meta property=\"og:url\" content=\"https:\/\/masdedos.org\/val\/vesprada-pascuera-de-cine-en-familia\/\" \/>\n<meta property=\"og:site_name\" content=\"M\u00c1S DE DOS\" \/>\n<meta property=\"article:published_time\" content=\"2026-04-08T10:28:18+00:00\" \/>\n<meta property=\"og:image\" content=\"https:\/\/masdedos.org\/wp-content\/uploads\/2026\/04\/WhatsApp-Image-2026-04-07-at-23.58.23.jpeg\" \/>\n\t<meta property=\"og:image:width\" content=\"1600\" \/>\n\t<meta property=\"og:image:height\" content=\"1200\" \/>\n\t<meta property=\"og:image:type\" content=\"image\/jpeg\" \/>\n<meta name=\"author\" content=\"Clara\" \/>\n<meta name=\"twitter:card\" content=\"summary_large_image\" \/>\n<meta name=\"twitter:label1\" content=\"Written by\" \/>\n\t<meta name=\"twitter:data1\" content=\"Clara\" \/>\n<script type=\"application\/ld+json\" class=\"yoast-schema-graph\">{\"@context\":\"https:\/\/schema.org\",\"@graph\":[{\"@type\":\"WebPage\",\"@id\":\"https:\/\/masdedos.org\/val\/vesprada-pascuera-de-cine-en-familia\/\",\"url\":\"https:\/\/masdedos.org\/val\/vesprada-pascuera-de-cine-en-familia\/\",\"name\":\"Vesprada pascuera de cine en fam\u00edlia - M\u00c1S DE DOS\",\"isPartOf\":{\"@id\":\"https:\/\/masdedos.org\/val\/#website\"},\"primaryImageOfPage\":{\"@id\":\"https:\/\/masdedos.org\/val\/vesprada-pascuera-de-cine-en-familia\/#primaryimage\"},\"image\":{\"@id\":\"https:\/\/masdedos.org\/val\/vesprada-pascuera-de-cine-en-familia\/#primaryimage\"},\"thumbnailUrl\":\"https:\/\/masdedos.org\/wp-content\/uploads\/2026\/04\/WhatsApp-Image-2026-04-07-at-23.58.23.jpeg\",\"datePublished\":\"2026-04-08T10:28:18+00:00\",\"dateModified\":\"2026-04-08T10:28:18+00:00\",\"author\":{\"@id\":\"https:\/\/masdedos.org\/val\/#\/schema\/person\/b1bf3678203f10ab35ed6bbfb3502184\"},\"breadcrumb\":{\"@id\":\"https:\/\/masdedos.org\/val\/vesprada-pascuera-de-cine-en-familia\/#breadcrumb\"},\"inLanguage\":\"val\",\"potentialAction\":[{\"@type\":\"ReadAction\",\"target\":[\"https:\/\/masdedos.org\/val\/vesprada-pascuera-de-cine-en-familia\/\"]}]},{\"@type\":\"ImageObject\",\"inLanguage\":\"val\",\"@id\":\"https:\/\/masdedos.org\/val\/vesprada-pascuera-de-cine-en-familia\/#primaryimage\",\"url\":\"https:\/\/masdedos.org\/wp-content\/uploads\/2026\/04\/WhatsApp-Image-2026-04-07-at-23.58.23.jpeg\",\"contentUrl\":\"https:\/\/masdedos.org\/wp-content\/uploads\/2026\/04\/WhatsApp-Image-2026-04-07-at-23.58.23.jpeg\",\"width\":1600,\"height\":1200},{\"@type\":\"BreadcrumbList\",\"@id\":\"https:\/\/masdedos.org\/val\/vesprada-pascuera-de-cine-en-familia\/#breadcrumb\",\"itemListElement\":[{\"@type\":\"ListItem\",\"position\":1,\"name\":\"Portada\",\"item\":\"https:\/\/masdedos.org\/val\/\"},{\"@type\":\"ListItem\",\"position\":2,\"name\":\"Vesprada pascuera de cine en fam\u00edlia\"}]},{\"@type\":\"WebSite\",\"@id\":\"https:\/\/masdedos.org\/val\/#website\",\"url\":\"https:\/\/masdedos.org\/val\/\",\"name\":\"M\u00c1S DE DOS\",\"description\":\"Asociaci\u00f3n de Familias Numerosas de Valencia\",\"potentialAction\":[{\"@type\":\"SearchAction\",\"target\":{\"@type\":\"EntryPoint\",\"urlTemplate\":\"https:\/\/masdedos.org\/val\/?s={search_term_string}\"},\"query-input\":{\"@type\":\"PropertyValueSpecification\",\"valueRequired\":true,\"valueName\":\"search_term_string\"}}],\"inLanguage\":\"val\"},{\"@type\":\"Person\",\"@id\":\"https:\/\/masdedos.org\/val\/#\/schema\/person\/b1bf3678203f10ab35ed6bbfb3502184\",\"name\":\"Clara\",\"image\":{\"@type\":\"ImageObject\",\"inLanguage\":\"val\",\"@id\":\"https:\/\/masdedos.org\/val\/#\/schema\/person\/image\/\",\"url\":\"https:\/\/secure.gravatar.com\/avatar\/9ebfbd89b1a916fa28eeafd9e43017ab?s=96&d=mm&r=g\",\"contentUrl\":\"https:\/\/secure.gravatar.com\/avatar\/9ebfbd89b1a916fa28eeafd9e43017ab?s=96&d=mm&r=g\",\"caption\":\"Clara\"},\"url\":\"https:\/\/masdedos.org\/val\/author\/clara\/\"}]}<\/script>\n<!-- \/ Yoast SEO plugin. -->","yoast_head_json":{"title":"Vesprada pascuera de cine en fam\u00edlia - M\u00c1S DE DOS","robots":{"index":"index","follow":"follow","max-snippet":"max-snippet:-1","max-image-preview":"max-image-preview:large","max-video-preview":"max-video-preview:-1"},"canonical":"https:\/\/masdedos.org\/val\/vesprada-pascuera-de-cine-en-familia\/","og_locale":"en_US","og_type":"article","og_title":"Vesprada pascuera de cine en fam\u00edlia - M\u00c1S DE DOS","og_description":"Ahir, 7 d&#8217;abril MES DE DOS Fam\u00edlies Numeroses de Val\u00e9ncia celebre una vesprada de cine pascuera en fam\u00edlia. Va ser tot un \u00e8xit! M\u00e9s de 250 socis gojant en el cine. Molt\u00edssimes gr\u00e0cies a tots els que vos v\u00e0reu animar a vindre al cine ahir....","og_url":"https:\/\/masdedos.org\/val\/vesprada-pascuera-de-cine-en-familia\/","og_site_name":"M\u00c1S DE DOS","article_published_time":"2026-04-08T10:28:18+00:00","og_image":[{"width":1600,"height":1200,"url":"https:\/\/masdedos.org\/wp-content\/uploads\/2026\/04\/WhatsApp-Image-2026-04-07-at-23.58.23.jpeg","type":"image\/jpeg"}],"author":"Clara","twitter_card":"summary_large_image","twitter_misc":{"Written by":"Clara"},"schema":{"@context":"https:\/\/schema.org","@graph":[{"@type":"WebPage","@id":"https:\/\/masdedos.org\/val\/vesprada-pascuera-de-cine-en-familia\/","url":"https:\/\/masdedos.org\/val\/vesprada-pascuera-de-cine-en-familia\/","name":"Vesprada pascuera de cine en fam\u00edlia - M\u00c1S DE DOS","isPartOf":{"@id":"https:\/\/masdedos.org\/val\/#website"},"primaryImageOfPage":{"@id":"https:\/\/masdedos.org\/val\/vesprada-pascuera-de-cine-en-familia\/#primaryimage"},"image":{"@id":"https:\/\/masdedos.org\/val\/vesprada-pascuera-de-cine-en-familia\/#primaryimage"},"thumbnailUrl":"https:\/\/masdedos.org\/wp-content\/uploads\/2026\/04\/WhatsApp-Image-2026-04-07-at-23.58.23.jpeg","datePublished":"2026-04-08T10:28:18+00:00","dateModified":"2026-04-08T10:28:18+00:00","author":{"@id":"https:\/\/masdedos.org\/val\/#\/schema\/person\/b1bf3678203f10ab35ed6bbfb3502184"},"breadcrumb":{"@id":"https:\/\/masdedos.org\/val\/vesprada-pascuera-de-cine-en-familia\/#breadcrumb"},"inLanguage":"val","potentialAction":[{"@type":"ReadAction","target":["https:\/\/masdedos.org\/val\/vesprada-pascuera-de-cine-en-familia\/"]}]},{"@type":"ImageObject","inLanguage":"val","@id":"https:\/\/masdedos.org\/val\/vesprada-pascuera-de-cine-en-familia\/#primaryimage","url":"https:\/\/masdedos.org\/wp-content\/uploads\/2026\/04\/WhatsApp-Image-2026-04-07-at-23.58.23.jpeg","contentUrl":"https:\/\/masdedos.org\/wp-content\/uploads\/2026\/04\/WhatsApp-Image-2026-04-07-at-23.58.23.jpeg","width":1600,"height":1200},{"@type":"BreadcrumbList","@id":"https:\/\/masdedos.org\/val\/vesprada-pascuera-de-cine-en-familia\/#breadcrumb","itemListElement":[{"@type":"ListItem","position":1,"name":"Portada","item":"https:\/\/masdedos.org\/val\/"},{"@type":"ListItem","position":2,"name":"Vesprada pascuera de cine en fam\u00edlia"}]},{"@type":"WebSite","@id":"https:\/\/masdedos.org\/val\/#website","url":"https:\/\/masdedos.org\/val\/","name":"M\u00c1S DE DOS","description":"Asociaci\u00f3n de Familias Numerosas de Valencia","potentialAction":[{"@type":"SearchAction","target":{"@type":"EntryPoint","urlTemplate":"https:\/\/masdedos.org\/val\/?s={search_term_string}"},"query-input":{"@type":"PropertyValueSpecification","valueRequired":true,"valueName":"search_term_string"}}],"inLanguage":"val"},{"@type":"Person","@id":"https:\/\/masdedos.org\/val\/#\/schema\/person\/b1bf3678203f10ab35ed6bbfb3502184","name":"Clara","image":{"@type":"ImageObject","inLanguage":"val","@id":"https:\/\/masdedos.org\/val\/#\/schema\/person\/image\/","url":"https:\/\/secure.gravatar.com\/avatar\/9ebfbd89b1a916fa28eeafd9e43017ab?s=96&d=mm&r=g","contentUrl":"https:\/\/secure.gravatar.com\/avatar\/9ebfbd89b1a916fa28eeafd9e43017ab?s=96&d=mm&r=g","caption":"Clara"},"url":"https:\/\/masdedos.org\/val\/author\/clara\/"}]}},"_links":{"self":[{"href":"https:\/\/masdedos.org\/val\/wp-json\/wp\/v2\/posts\/455462"}],"collection":[{"href":"https:\/\/masdedos.org\/val\/wp-json\/wp\/v2\/posts"}],"about":[{"href":"https:\/\/masdedos.org\/val\/wp-json\/wp\/v2\/types\/post"}],"author":[{"embeddable":true,"href":"https:\/\/masdedos.org\/val\/wp-json\/wp\/v2\/users\/4"}],"replies":[{"embeddable":true,"href":"https:\/\/masdedos.org\/val\/wp-json\/wp\/v2\/comments?post=455462"}],"version-history":[{"count":0,"href":"https:\/\/masdedos.org\/val\/wp-json\/wp\/v2\/posts\/455462\/revisions"}],"wp:featuredmedia":[{"embeddable":true,"href":"https:\/\/masdedos.org\/val\/wp-json\/wp\/v2\/media\/455281"}],"wp:attachment":[{"href":"https:\/\/masdedos.org\/val\/wp-json\/wp\/v2\/media?parent=455462"}],"wp:term":[{"taxonomy":"category","embeddable":true,"href":"https:\/\/masdedos.org\/val\/wp-json\/wp\/v2\/categories?post=455462"},{"taxonomy":"post_tag","embeddable":true,"href":"https:\/\/masdedos.org\/val\/wp-json\/wp\/v2\/tags?post=455462"}],"curies":[{"name":"wp","href":"https:\/\/api.w.org\/{rel}","templated":true}]}}