{"id":453782,"date":"2025-04-03T12:03:54","date_gmt":"2025-04-03T12:03:54","guid":{"rendered":"https:\/\/masdedos.org\/mas-de-dos-en-les-jornades-de-professionals-de-les-associacions-de-families-numeroses\/"},"modified":"2025-04-03T12:03:54","modified_gmt":"2025-04-03T12:03:54","slug":"mas-de-dos-en-les-jornades-de-professionals-de-les-associacions-de-families-numeroses","status":"publish","type":"post","link":"https:\/\/masdedos.org\/val\/mas-de-dos-en-les-jornades-de-professionals-de-les-associacions-de-families-numeroses\/","title":{"rendered":"MAS DE DOS en les Jornades de Professionals de les Associacions de Fam\u00edlies Numeroses"},"content":{"rendered":"<p>Els passats 31 de mar\u00e7 i 1 d&#8217;abril, v\u00e0rem estar presents en les Jornades de Professionals de les Associacions de Fam\u00edlies Numeroses 2025, que varen tindre lloc en Madrit.<\/p>\n<p>Durant eixos dos dies, compartim experi\u00e8ncia i formaci\u00f3 en el restant d&#8217;associacions d&#8217;Espanya. Tamb\u00e9 realisem sessions de treball en equip i tractem en conjunt la manera de seguir visibilizant a la fam\u00edlia numerosa, de seguir barallant moltes batalles, per eixemple, la de la conciliaci\u00f3 real.<\/p>\n","protected":false},"excerpt":{"rendered":"<p>Els passats 31 de mar\u00e7 i 1 d&#8217;abril, v\u00e0rem estar presents en les Jornades de Professionals de les Associacions de Fam\u00edlies Numeroses 2025, que varen tindre lloc en Madrit. Durant eixos dos dies, compartim experi\u00e8ncia i formaci\u00f3 en el restant d&#8217;associacions d&#8217;Espanya. Tamb\u00e9 realisem sessions&#8230;<\/p>\n","protected":false},"author":1,"featured_media":453771,"comment_status":"open","ping_status":"open","sticky":false,"template":"","format":"standard","meta":{"content-type":"","footnotes":""},"categories":[28],"tags":[],"yoast_head":"<!-- This site is optimized with the Yoast SEO plugin v23.4 - https:\/\/yoast.com\/wordpress\/plugins\/seo\/ -->\n<title>MAS DE DOS en les Jornades de Professionals de les Associacions de Fam\u00edlies Numeroses - M\u00c1S DE DOS<\/title>\n<meta name=\"robots\" content=\"index, follow, max-snippet:-1, max-image-preview:large, max-video-preview:-1\" \/>\n<link rel=\"canonical\" href=\"https:\/\/masdedos.org\/val\/mas-de-dos-en-les-jornades-de-professionals-de-les-associacions-de-families-numeroses\/\" \/>\n<meta property=\"og:locale\" content=\"en_US\" \/>\n<meta property=\"og:type\" content=\"article\" \/>\n<meta property=\"og:title\" content=\"MAS DE DOS en les Jornades de Professionals de les Associacions de Fam\u00edlies Numeroses - M\u00c1S DE DOS\" \/>\n<meta property=\"og:description\" content=\"Els passats 31 de mar\u00e7 i 1 d&#8217;abril, v\u00e0rem estar presents en les Jornades de Professionals de les Associacions de Fam\u00edlies Numeroses 2025, que varen tindre lloc en Madrit. Durant eixos dos dies, compartim experi\u00e8ncia i formaci\u00f3 en el restant d&#8217;associacions d&#8217;Espanya. Tamb\u00e9 realisem sessions...\" \/>\n<meta property=\"og:url\" content=\"https:\/\/masdedos.org\/val\/mas-de-dos-en-les-jornades-de-professionals-de-les-associacions-de-families-numeroses\/\" \/>\n<meta property=\"og:site_name\" content=\"M\u00c1S DE DOS\" \/>\n<meta property=\"article:published_time\" content=\"2025-04-03T12:03:54+00:00\" \/>\n<meta property=\"og:image\" content=\"https:\/\/masdedos.org\/wp-content\/uploads\/2025\/04\/c190494b-0de2-4388-b3e3-21600d4a00d2-1.jpg\" \/>\n\t<meta property=\"og:image:width\" content=\"1200\" \/>\n\t<meta property=\"og:image:height\" content=\"973\" \/>\n\t<meta property=\"og:image:type\" content=\"image\/jpeg\" \/>\n<meta name=\"author\" content=\"admin\" \/>\n<meta name=\"twitter:card\" content=\"summary_large_image\" \/>\n<meta name=\"twitter:label1\" content=\"Written by\" \/>\n\t<meta name=\"twitter:data1\" content=\"admin\" \/>\n<script type=\"application\/ld+json\" class=\"yoast-schema-graph\">{\"@context\":\"https:\/\/schema.org\",\"@graph\":[{\"@type\":\"WebPage\",\"@id\":\"https:\/\/masdedos.org\/val\/mas-de-dos-en-les-jornades-de-professionals-de-les-associacions-de-families-numeroses\/\",\"url\":\"https:\/\/masdedos.org\/val\/mas-de-dos-en-les-jornades-de-professionals-de-les-associacions-de-families-numeroses\/\",\"name\":\"MAS DE DOS en les Jornades de Professionals de les Associacions de Fam\u00edlies Numeroses - M\u00c1S DE DOS\",\"isPartOf\":{\"@id\":\"https:\/\/masdedos.org\/val\/#website\"},\"primaryImageOfPage\":{\"@id\":\"https:\/\/masdedos.org\/val\/mas-de-dos-en-les-jornades-de-professionals-de-les-associacions-de-families-numeroses\/#primaryimage\"},\"image\":{\"@id\":\"https:\/\/masdedos.org\/val\/mas-de-dos-en-les-jornades-de-professionals-de-les-associacions-de-families-numeroses\/#primaryimage\"},\"thumbnailUrl\":\"https:\/\/masdedos.org\/wp-content\/uploads\/2025\/04\/c190494b-0de2-4388-b3e3-21600d4a00d2-1.jpg\",\"datePublished\":\"2025-04-03T12:03:54+00:00\",\"dateModified\":\"2025-04-03T12:03:54+00:00\",\"author\":{\"@id\":\"https:\/\/masdedos.org\/val\/#\/schema\/person\/df758cd4cd7e18e457b30f80ee4180a7\"},\"breadcrumb\":{\"@id\":\"https:\/\/masdedos.org\/val\/mas-de-dos-en-les-jornades-de-professionals-de-les-associacions-de-families-numeroses\/#breadcrumb\"},\"inLanguage\":\"val\",\"potentialAction\":[{\"@type\":\"ReadAction\",\"target\":[\"https:\/\/masdedos.org\/val\/mas-de-dos-en-les-jornades-de-professionals-de-les-associacions-de-families-numeroses\/\"]}]},{\"@type\":\"ImageObject\",\"inLanguage\":\"val\",\"@id\":\"https:\/\/masdedos.org\/val\/mas-de-dos-en-les-jornades-de-professionals-de-les-associacions-de-families-numeroses\/#primaryimage\",\"url\":\"https:\/\/masdedos.org\/wp-content\/uploads\/2025\/04\/c190494b-0de2-4388-b3e3-21600d4a00d2-1.jpg\",\"contentUrl\":\"https:\/\/masdedos.org\/wp-content\/uploads\/2025\/04\/c190494b-0de2-4388-b3e3-21600d4a00d2-1.jpg\",\"width\":1200,\"height\":973},{\"@type\":\"BreadcrumbList\",\"@id\":\"https:\/\/masdedos.org\/val\/mas-de-dos-en-les-jornades-de-professionals-de-les-associacions-de-families-numeroses\/#breadcrumb\",\"itemListElement\":[{\"@type\":\"ListItem\",\"position\":1,\"name\":\"Portada\",\"item\":\"https:\/\/masdedos.org\/val\/\"},{\"@type\":\"ListItem\",\"position\":2,\"name\":\"MAS DE DOS en les Jornades de Professionals de les Associacions de Fam\u00edlies Numeroses\"}]},{\"@type\":\"WebSite\",\"@id\":\"https:\/\/masdedos.org\/val\/#website\",\"url\":\"https:\/\/masdedos.org\/val\/\",\"name\":\"M\u00c1S DE DOS\",\"description\":\"Asociaci\u00f3n de Familias Numerosas de Valencia\",\"potentialAction\":[{\"@type\":\"SearchAction\",\"target\":{\"@type\":\"EntryPoint\",\"urlTemplate\":\"https:\/\/masdedos.org\/val\/?s={search_term_string}\"},\"query-input\":{\"@type\":\"PropertyValueSpecification\",\"valueRequired\":true,\"valueName\":\"search_term_string\"}}],\"inLanguage\":\"val\"},{\"@type\":\"Person\",\"@id\":\"https:\/\/masdedos.org\/val\/#\/schema\/person\/df758cd4cd7e18e457b30f80ee4180a7\",\"name\":\"admin\",\"image\":{\"@type\":\"ImageObject\",\"inLanguage\":\"val\",\"@id\":\"https:\/\/masdedos.org\/val\/#\/schema\/person\/image\/\",\"url\":\"https:\/\/secure.gravatar.com\/avatar\/0c4a948964865de009555d947bf730ae?s=96&d=mm&r=g\",\"contentUrl\":\"https:\/\/secure.gravatar.com\/avatar\/0c4a948964865de009555d947bf730ae?s=96&d=mm&r=g\",\"caption\":\"admin\"},\"sameAs\":[\"https:\/\/masdedos.org\"],\"url\":\"https:\/\/masdedos.org\/val\/author\/mariadiaz\/\"}]}<\/script>\n<!-- \/ Yoast SEO plugin. -->","yoast_head_json":{"title":"MAS DE DOS en les Jornades de Professionals de les Associacions de Fam\u00edlies Numeroses - M\u00c1S DE DOS","robots":{"index":"index","follow":"follow","max-snippet":"max-snippet:-1","max-image-preview":"max-image-preview:large","max-video-preview":"max-video-preview:-1"},"canonical":"https:\/\/masdedos.org\/val\/mas-de-dos-en-les-jornades-de-professionals-de-les-associacions-de-families-numeroses\/","og_locale":"en_US","og_type":"article","og_title":"MAS DE DOS en les Jornades de Professionals de les Associacions de Fam\u00edlies Numeroses - M\u00c1S DE DOS","og_description":"Els passats 31 de mar\u00e7 i 1 d&#8217;abril, v\u00e0rem estar presents en les Jornades de Professionals de les Associacions de Fam\u00edlies Numeroses 2025, que varen tindre lloc en Madrit. Durant eixos dos dies, compartim experi\u00e8ncia i formaci\u00f3 en el restant d&#8217;associacions d&#8217;Espanya. Tamb\u00e9 realisem sessions...","og_url":"https:\/\/masdedos.org\/val\/mas-de-dos-en-les-jornades-de-professionals-de-les-associacions-de-families-numeroses\/","og_site_name":"M\u00c1S DE DOS","article_published_time":"2025-04-03T12:03:54+00:00","og_image":[{"width":1200,"height":973,"url":"https:\/\/masdedos.org\/wp-content\/uploads\/2025\/04\/c190494b-0de2-4388-b3e3-21600d4a00d2-1.jpg","type":"image\/jpeg"}],"author":"admin","twitter_card":"summary_large_image","twitter_misc":{"Written by":"admin"},"schema":{"@context":"https:\/\/schema.org","@graph":[{"@type":"WebPage","@id":"https:\/\/masdedos.org\/val\/mas-de-dos-en-les-jornades-de-professionals-de-les-associacions-de-families-numeroses\/","url":"https:\/\/masdedos.org\/val\/mas-de-dos-en-les-jornades-de-professionals-de-les-associacions-de-families-numeroses\/","name":"MAS DE DOS en les Jornades de Professionals de les Associacions de Fam\u00edlies Numeroses - M\u00c1S DE DOS","isPartOf":{"@id":"https:\/\/masdedos.org\/val\/#website"},"primaryImageOfPage":{"@id":"https:\/\/masdedos.org\/val\/mas-de-dos-en-les-jornades-de-professionals-de-les-associacions-de-families-numeroses\/#primaryimage"},"image":{"@id":"https:\/\/masdedos.org\/val\/mas-de-dos-en-les-jornades-de-professionals-de-les-associacions-de-families-numeroses\/#primaryimage"},"thumbnailUrl":"https:\/\/masdedos.org\/wp-content\/uploads\/2025\/04\/c190494b-0de2-4388-b3e3-21600d4a00d2-1.jpg","datePublished":"2025-04-03T12:03:54+00:00","dateModified":"2025-04-03T12:03:54+00:00","author":{"@id":"https:\/\/masdedos.org\/val\/#\/schema\/person\/df758cd4cd7e18e457b30f80ee4180a7"},"breadcrumb":{"@id":"https:\/\/masdedos.org\/val\/mas-de-dos-en-les-jornades-de-professionals-de-les-associacions-de-families-numeroses\/#breadcrumb"},"inLanguage":"val","potentialAction":[{"@type":"ReadAction","target":["https:\/\/masdedos.org\/val\/mas-de-dos-en-les-jornades-de-professionals-de-les-associacions-de-families-numeroses\/"]}]},{"@type":"ImageObject","inLanguage":"val","@id":"https:\/\/masdedos.org\/val\/mas-de-dos-en-les-jornades-de-professionals-de-les-associacions-de-families-numeroses\/#primaryimage","url":"https:\/\/masdedos.org\/wp-content\/uploads\/2025\/04\/c190494b-0de2-4388-b3e3-21600d4a00d2-1.jpg","contentUrl":"https:\/\/masdedos.org\/wp-content\/uploads\/2025\/04\/c190494b-0de2-4388-b3e3-21600d4a00d2-1.jpg","width":1200,"height":973},{"@type":"BreadcrumbList","@id":"https:\/\/masdedos.org\/val\/mas-de-dos-en-les-jornades-de-professionals-de-les-associacions-de-families-numeroses\/#breadcrumb","itemListElement":[{"@type":"ListItem","position":1,"name":"Portada","item":"https:\/\/masdedos.org\/val\/"},{"@type":"ListItem","position":2,"name":"MAS DE DOS en les Jornades de Professionals de les Associacions de Fam\u00edlies Numeroses"}]},{"@type":"WebSite","@id":"https:\/\/masdedos.org\/val\/#website","url":"https:\/\/masdedos.org\/val\/","name":"M\u00c1S DE DOS","description":"Asociaci\u00f3n de Familias Numerosas de Valencia","potentialAction":[{"@type":"SearchAction","target":{"@type":"EntryPoint","urlTemplate":"https:\/\/masdedos.org\/val\/?s={search_term_string}"},"query-input":{"@type":"PropertyValueSpecification","valueRequired":true,"valueName":"search_term_string"}}],"inLanguage":"val"},{"@type":"Person","@id":"https:\/\/masdedos.org\/val\/#\/schema\/person\/df758cd4cd7e18e457b30f80ee4180a7","name":"admin","image":{"@type":"ImageObject","inLanguage":"val","@id":"https:\/\/masdedos.org\/val\/#\/schema\/person\/image\/","url":"https:\/\/secure.gravatar.com\/avatar\/0c4a948964865de009555d947bf730ae?s=96&d=mm&r=g","contentUrl":"https:\/\/secure.gravatar.com\/avatar\/0c4a948964865de009555d947bf730ae?s=96&d=mm&r=g","caption":"admin"},"sameAs":["https:\/\/masdedos.org"],"url":"https:\/\/masdedos.org\/val\/author\/mariadiaz\/"}]}},"_links":{"self":[{"href":"https:\/\/masdedos.org\/val\/wp-json\/wp\/v2\/posts\/453782"}],"collection":[{"href":"https:\/\/masdedos.org\/val\/wp-json\/wp\/v2\/posts"}],"about":[{"href":"https:\/\/masdedos.org\/val\/wp-json\/wp\/v2\/types\/post"}],"author":[{"embeddable":true,"href":"https:\/\/masdedos.org\/val\/wp-json\/wp\/v2\/users\/1"}],"replies":[{"embeddable":true,"href":"https:\/\/masdedos.org\/val\/wp-json\/wp\/v2\/comments?post=453782"}],"version-history":[{"count":0,"href":"https:\/\/masdedos.org\/val\/wp-json\/wp\/v2\/posts\/453782\/revisions"}],"wp:featuredmedia":[{"embeddable":true,"href":"https:\/\/masdedos.org\/val\/wp-json\/wp\/v2\/media\/453771"}],"wp:attachment":[{"href":"https:\/\/masdedos.org\/val\/wp-json\/wp\/v2\/media?parent=453782"}],"wp:term":[{"taxonomy":"category","embeddable":true,"href":"https:\/\/masdedos.org\/val\/wp-json\/wp\/v2\/categories?post=453782"},{"taxonomy":"post_tag","embeddable":true,"href":"https:\/\/masdedos.org\/val\/wp-json\/wp\/v2\/tags?post=453782"}],"curies":[{"name":"wp","href":"https:\/\/api.w.org\/{rel}","templated":true}]}}